{"id":6996,"date":"2026-03-08T19:07:41","date_gmt":"2026-03-08T18:07:41","guid":{"rendered":"https:\/\/theonestate.com\/noticia\/diario-expansion-es-fa-resso-del-llancament-de-the-onestate\/"},"modified":"2026-06-04T08:13:38","modified_gmt":"2026-06-04T06:13:38","slug":"diario-expansion-es-fa-resso-del-llancament-de-the-onestate","status":"publish","type":"noticia","link":"https:\/\/theonestate.com\/ca\/noticia\/diario-expansion-es-fa-resso-del-llancament-de-the-onestate\/","title":{"rendered":"Diario Expansi\u00f3n es fa ress\u00f2 del llan\u00e7ament de The OnEstate."},"content":{"rendered":"\n<div class=\"gb-element-aa5954b2\">\n<div class=\"gbp-section gb-element-9780a020\">\n<div class=\"gbp-section__inner gb-element-00b617df\">\n<div class=\"gb-element-f62a416a\">\n<p class=\"wp-block-paragraph\">Expansi\u00f3n es fa ress\u00f2 del creixement de Ceigrup Torrent i del llan\u00e7ament de la nostra nova divisi\u00f3 especialitzada en luxe, The OnEstate.<br><br> El 2025 hem aconseguit una facturaci\u00f3 de 7,87 milions d&#8217;euros, amb un creixement del 5%, formalitzant 138 operacions de compravenda i gestionant 4.300 reserves de lloguer tur\u00edstic.<\/p>\n\n\n\n<p class=\"wp-block-paragraph\">Per\u00f2 m\u00e9s enll\u00e0 de les xifres, el que \u00e9s rellevant \u00e9s la direcci\u00f3 estrat\u00e8gica.<br><br>La Costa Brava ja no competeix en preu. Competeix en identitat, patrimoni i qualitat. <br><br>I \u00e9s precisament all\u00e0 on neix The OnEstate: com a resposta a un perfil de comprador m\u00e9s exigent, m\u00e9s internacional i amb m\u00e9s sensibilitat envers el valor arquitect\u00f2nic, la singularitat i l&#8217;autenticitat del territori.<br><br>El nostre objectiu per al 2026 \u00e9s clar:<br> \u00b7 Consolidar el segment premium<br> \u00b7 Incrementar la captaci\u00f3 de propietats singulars<br> \u00b7 Refor\u00e7ar la nostra pres\u00e8ncia internacional<br> \u00b7 Mantenir el focus en la rendibilitat<br><br>Continuem creixent amb la mateixa ess\u00e8ncia amb qu\u00e8 comencem fa m\u00e9s de 50 anys: coneixement profund del territori, visi\u00f3 a llarg termini i comprom\u00eds amb els nostres clients.<br><br>Gr\u00e0cies a tot l&#8217;equip i als qui confien en nosaltres.<\/p>\n<\/div>\n<\/div>\n<\/div>\n\n\n\n<div class=\"gbp-section gb-element-7d23b728\">\n<div class=\"gbp-section__inner gb-element-945aaba4\">\n<div class=\"gb-element-9665835f\">\n<p class=\"wp-block-paragraph\"><\/p>\n\n\n\n<div class=\"gb-text gbp-section__text gb-text-bc8da44e\">La Costa Brava ja no competeix en preu.<br> Competeix en identitat, patrimoni i qualitat.<\/div>\n<\/div>\n<\/div>\n<\/div>\n<\/div>\n","protected":false},"excerpt":{"rendered":"<p>Expansi\u00f3n es fa ress\u00f2 del creixement de Ceigrup Torrent i del llan\u00e7ament de la nostra nova divisi\u00f3 especialitzada en luxe, The OnEstate. El 2025 hem aconseguit una facturaci\u00f3 de 7,87 milions d&#8217;euros, amb un creixement del 5%, formalitzant 138 operacions de compravenda i gestionant 4.300 reserves de lloguer tur\u00edstic. Per\u00f2 m\u00e9s enll\u00e0 de les xifres, &#8230; <a title=\"Diario Expansi\u00f3n es fa ress\u00f2 del llan\u00e7ament de The OnEstate.\" class=\"read-more\" href=\"https:\/\/theonestate.com\/ca\/noticia\/diario-expansion-es-fa-resso-del-llancament-de-the-onestate\/\" aria-label=\"M\u00e9s informaci\u00f3 sobre Diario Expansi\u00f3n es fa ress\u00f2 del llan\u00e7ament de The OnEstate.\">Llegiu m\u00e9s<\/a><\/p>\n","protected":false},"author":1,"featured_media":7000,"template":"","meta":{"_acf_changed":false,"footnotes":""},"class_list":["post-6996","noticia","type-noticia","status-publish","has-post-thumbnail","hentry"],"acf":[],"yoast_head":"<!-- This site is optimized with the Yoast SEO plugin v28.3 - https:\/\/yoast.com\/product\/yoast-seo-wordpress\/ -->\n<title>Diario Expansi\u00f3n es fa ress\u00f2 del llan\u00e7ament de The OnEstate. | Theonestate<\/title>\n<meta name=\"robots\" content=\"index, follow, max-snippet:-1, max-image-preview:large, max-video-preview:-1\" \/>\n<link rel=\"canonical\" href=\"https:\/\/theonestate.com\/ca\/noticia\/diario-expansion-es-fa-resso-del-llancament-de-the-onestate\/\" \/>\n<meta property=\"og:locale\" content=\"ca_ES\" \/>\n<meta property=\"og:type\" content=\"article\" \/>\n<meta property=\"og:title\" content=\"Diario Expansi\u00f3n es fa ress\u00f2 del llan\u00e7ament de The OnEstate. | Theonestate\" \/>\n<meta property=\"og:description\" content=\"Expansi\u00f3n es fa ress\u00f2 del creixement de Ceigrup Torrent i del llan\u00e7ament de la nostra nova divisi\u00f3 especialitzada en luxe, The OnEstate. El 2025 hem aconseguit una facturaci\u00f3 de 7,87 milions d&#8217;euros, amb un creixement del 5%, formalitzant 138 operacions de compravenda i gestionant 4.300 reserves de lloguer tur\u00edstic. Per\u00f2 m\u00e9s enll\u00e0 de les xifres, ... Llegiu m\u00e9s\" \/>\n<meta property=\"og:url\" content=\"https:\/\/theonestate.com\/ca\/noticia\/diario-expansion-es-fa-resso-del-llancament-de-the-onestate\/\" \/>\n<meta property=\"og:site_name\" content=\"Theonestate\" \/>\n<meta property=\"article:modified_time\" content=\"2026-06-04T06:13:38+00:00\" \/>\n<meta property=\"og:image\" content=\"https:\/\/theonestate.com\/wp-content\/uploads\/2026\/03\/1772544183549-e1779729629504.jpg\" \/>\n\t<meta property=\"og:image:width\" content=\"800\" \/>\n\t<meta property=\"og:image:height\" content=\"370\" \/>\n\t<meta property=\"og:image:type\" content=\"image\/jpeg\" \/>\n<meta name=\"twitter:card\" content=\"summary_large_image\" \/>\n<meta name=\"twitter:label1\" content=\"Temps estimat de lectura\" \/>\n\t<meta name=\"twitter:data1\" content=\"2 minuts\" \/>\n<script type=\"application\/ld+json\" class=\"yoast-schema-graph\">{\"@context\":\"https:\\\/\\\/schema.org\",\"@graph\":[{\"@type\":\"WebPage\",\"@id\":\"https:\\\/\\\/theonestate.com\\\/ca\\\/noticia\\\/diario-expansion-es-fa-resso-del-llancament-de-the-onestate\\\/\",\"url\":\"https:\\\/\\\/theonestate.com\\\/ca\\\/noticia\\\/diario-expansion-es-fa-resso-del-llancament-de-the-onestate\\\/\",\"name\":\"Diario Expansi\u00f3n es fa ress\u00f2 del llan\u00e7ament de The OnEstate. | Theonestate\",\"isPartOf\":{\"@id\":\"https:\\\/\\\/theonestate.com\\\/#website\"},\"primaryImageOfPage\":{\"@id\":\"https:\\\/\\\/theonestate.com\\\/ca\\\/noticia\\\/diario-expansion-es-fa-resso-del-llancament-de-the-onestate\\\/#primaryimage\"},\"image\":{\"@id\":\"https:\\\/\\\/theonestate.com\\\/ca\\\/noticia\\\/diario-expansion-es-fa-resso-del-llancament-de-the-onestate\\\/#primaryimage\"},\"thumbnailUrl\":\"https:\\\/\\\/theonestate.com\\\/wp-content\\\/uploads\\\/2026\\\/03\\\/1772544183549-e1779729629504.jpg\",\"datePublished\":\"2026-03-08T18:07:41+00:00\",\"dateModified\":\"2026-06-04T06:13:38+00:00\",\"breadcrumb\":{\"@id\":\"https:\\\/\\\/theonestate.com\\\/ca\\\/noticia\\\/diario-expansion-es-fa-resso-del-llancament-de-the-onestate\\\/#breadcrumb\"},\"inLanguage\":\"ca\",\"potentialAction\":[{\"@type\":\"ReadAction\",\"target\":[\"https:\\\/\\\/theonestate.com\\\/ca\\\/noticia\\\/diario-expansion-es-fa-resso-del-llancament-de-the-onestate\\\/\"]}]},{\"@type\":\"ImageObject\",\"inLanguage\":\"ca\",\"@id\":\"https:\\\/\\\/theonestate.com\\\/ca\\\/noticia\\\/diario-expansion-es-fa-resso-del-llancament-de-the-onestate\\\/#primaryimage\",\"url\":\"https:\\\/\\\/theonestate.com\\\/wp-content\\\/uploads\\\/2026\\\/03\\\/1772544183549-e1779729629504.jpg\",\"contentUrl\":\"https:\\\/\\\/theonestate.com\\\/wp-content\\\/uploads\\\/2026\\\/03\\\/1772544183549-e1779729629504.jpg\",\"width\":800,\"height\":370},{\"@type\":\"BreadcrumbList\",\"@id\":\"https:\\\/\\\/theonestate.com\\\/ca\\\/noticia\\\/diario-expansion-es-fa-resso-del-llancament-de-the-onestate\\\/#breadcrumb\",\"itemListElement\":[{\"@type\":\"ListItem\",\"position\":1,\"name\":\"Inici\",\"item\":\"https:\\\/\\\/theonestate.com\\\/ca\\\/\"},{\"@type\":\"ListItem\",\"position\":2,\"name\":\"Diario Expansi\u00f3n es fa ress\u00f2 del llan\u00e7ament de The OnEstate.\"}]},{\"@type\":\"WebSite\",\"@id\":\"https:\\\/\\\/theonestate.com\\\/#website\",\"url\":\"https:\\\/\\\/theonestate.com\\\/\",\"name\":\"The On Estate\",\"description\":\"Inmobiliaria de lujo en la Costa Brava (Girona, Espa\u00f1a). Venta, alquiler, gesti\u00f3n y rehabilitaci\u00f3n de propiedades exclusivas, incluyendo acceso a una colecci\u00f3n privada de propiedades off-market.\",\"publisher\":{\"@id\":\"https:\\\/\\\/theonestate.com\\\/#organization\"},\"alternateName\":\"The On Estate\",\"potentialAction\":[{\"@type\":\"SearchAction\",\"target\":{\"@type\":\"EntryPoint\",\"urlTemplate\":\"https:\\\/\\\/theonestate.com\\\/?s={search_term_string}\"},\"query-input\":{\"@type\":\"PropertyValueSpecification\",\"valueRequired\":true,\"valueName\":\"search_term_string\"}}],\"inLanguage\":\"ca\"},{\"@type\":\"Organization\",\"@id\":\"https:\\\/\\\/theonestate.com\\\/#organization\",\"name\":\"The On Estate\",\"url\":\"https:\\\/\\\/theonestate.com\\\/\",\"logo\":{\"@type\":\"ImageObject\",\"inLanguage\":\"ca\",\"@id\":\"https:\\\/\\\/theonestate.com\\\/#\\\/schema\\\/logo\\\/image\\\/\",\"url\":\"https:\\\/\\\/theonestate.com\\\/wp-content\\\/uploads\\\/2026\\\/01\\\/cropped-logotipo_theonestate-1.png\",\"contentUrl\":\"https:\\\/\\\/theonestate.com\\\/wp-content\\\/uploads\\\/2026\\\/01\\\/cropped-logotipo_theonestate-1.png\",\"width\":500,\"height\":500,\"caption\":\"The On Estate\"},\"image\":{\"@id\":\"https:\\\/\\\/theonestate.com\\\/#\\\/schema\\\/logo\\\/image\\\/\"},\"sameAs\":[\"https:\\\/\\\/www.instagram.com\\\/the_on_estate\\\/\",\"https:\\\/\\\/es.linkedin.com\\\/company\\\/the-on-estate\"]}]}<\/script>\n<!-- \/ Yoast SEO plugin. -->","yoast_head_json":{"title":"Diario Expansi\u00f3n es fa ress\u00f2 del llan\u00e7ament de The OnEstate. | Theonestate","robots":{"index":"index","follow":"follow","max-snippet":"max-snippet:-1","max-image-preview":"max-image-preview:large","max-video-preview":"max-video-preview:-1"},"canonical":"https:\/\/theonestate.com\/ca\/noticia\/diario-expansion-es-fa-resso-del-llancament-de-the-onestate\/","og_locale":"ca_ES","og_type":"article","og_title":"Diario Expansi\u00f3n es fa ress\u00f2 del llan\u00e7ament de The OnEstate. | Theonestate","og_description":"Expansi\u00f3n es fa ress\u00f2 del creixement de Ceigrup Torrent i del llan\u00e7ament de la nostra nova divisi\u00f3 especialitzada en luxe, The OnEstate. El 2025 hem aconseguit una facturaci\u00f3 de 7,87 milions d&#8217;euros, amb un creixement del 5%, formalitzant 138 operacions de compravenda i gestionant 4.300 reserves de lloguer tur\u00edstic. Per\u00f2 m\u00e9s enll\u00e0 de les xifres, ... Llegiu m\u00e9s","og_url":"https:\/\/theonestate.com\/ca\/noticia\/diario-expansion-es-fa-resso-del-llancament-de-the-onestate\/","og_site_name":"Theonestate","article_modified_time":"2026-06-04T06:13:38+00:00","og_image":[{"width":800,"height":370,"url":"https:\/\/theonestate.com\/wp-content\/uploads\/2026\/03\/1772544183549-e1779729629504.jpg","type":"image\/jpeg"}],"twitter_card":"summary_large_image","twitter_misc":{"Temps estimat de lectura":"2 minuts"},"schema":{"@context":"https:\/\/schema.org","@graph":[{"@type":"WebPage","@id":"https:\/\/theonestate.com\/ca\/noticia\/diario-expansion-es-fa-resso-del-llancament-de-the-onestate\/","url":"https:\/\/theonestate.com\/ca\/noticia\/diario-expansion-es-fa-resso-del-llancament-de-the-onestate\/","name":"Diario Expansi\u00f3n es fa ress\u00f2 del llan\u00e7ament de The OnEstate. | Theonestate","isPartOf":{"@id":"https:\/\/theonestate.com\/#website"},"primaryImageOfPage":{"@id":"https:\/\/theonestate.com\/ca\/noticia\/diario-expansion-es-fa-resso-del-llancament-de-the-onestate\/#primaryimage"},"image":{"@id":"https:\/\/theonestate.com\/ca\/noticia\/diario-expansion-es-fa-resso-del-llancament-de-the-onestate\/#primaryimage"},"thumbnailUrl":"https:\/\/theonestate.com\/wp-content\/uploads\/2026\/03\/1772544183549-e1779729629504.jpg","datePublished":"2026-03-08T18:07:41+00:00","dateModified":"2026-06-04T06:13:38+00:00","breadcrumb":{"@id":"https:\/\/theonestate.com\/ca\/noticia\/diario-expansion-es-fa-resso-del-llancament-de-the-onestate\/#breadcrumb"},"inLanguage":"ca","potentialAction":[{"@type":"ReadAction","target":["https:\/\/theonestate.com\/ca\/noticia\/diario-expansion-es-fa-resso-del-llancament-de-the-onestate\/"]}]},{"@type":"ImageObject","inLanguage":"ca","@id":"https:\/\/theonestate.com\/ca\/noticia\/diario-expansion-es-fa-resso-del-llancament-de-the-onestate\/#primaryimage","url":"https:\/\/theonestate.com\/wp-content\/uploads\/2026\/03\/1772544183549-e1779729629504.jpg","contentUrl":"https:\/\/theonestate.com\/wp-content\/uploads\/2026\/03\/1772544183549-e1779729629504.jpg","width":800,"height":370},{"@type":"BreadcrumbList","@id":"https:\/\/theonestate.com\/ca\/noticia\/diario-expansion-es-fa-resso-del-llancament-de-the-onestate\/#breadcrumb","itemListElement":[{"@type":"ListItem","position":1,"name":"Inici","item":"https:\/\/theonestate.com\/ca\/"},{"@type":"ListItem","position":2,"name":"Diario Expansi\u00f3n es fa ress\u00f2 del llan\u00e7ament de The OnEstate."}]},{"@type":"WebSite","@id":"https:\/\/theonestate.com\/#website","url":"https:\/\/theonestate.com\/","name":"The On Estate","description":"Inmobiliaria de lujo en la Costa Brava (Girona, Espa\u00f1a). Venta, alquiler, gesti\u00f3n y rehabilitaci\u00f3n de propiedades exclusivas, incluyendo acceso a una colecci\u00f3n privada de propiedades off-market.","publisher":{"@id":"https:\/\/theonestate.com\/#organization"},"alternateName":"The On Estate","potentialAction":[{"@type":"SearchAction","target":{"@type":"EntryPoint","urlTemplate":"https:\/\/theonestate.com\/?s={search_term_string}"},"query-input":{"@type":"PropertyValueSpecification","valueRequired":true,"valueName":"search_term_string"}}],"inLanguage":"ca"},{"@type":"Organization","@id":"https:\/\/theonestate.com\/#organization","name":"The On Estate","url":"https:\/\/theonestate.com\/","logo":{"@type":"ImageObject","inLanguage":"ca","@id":"https:\/\/theonestate.com\/#\/schema\/logo\/image\/","url":"https:\/\/theonestate.com\/wp-content\/uploads\/2026\/01\/cropped-logotipo_theonestate-1.png","contentUrl":"https:\/\/theonestate.com\/wp-content\/uploads\/2026\/01\/cropped-logotipo_theonestate-1.png","width":500,"height":500,"caption":"The On Estate"},"image":{"@id":"https:\/\/theonestate.com\/#\/schema\/logo\/image\/"},"sameAs":["https:\/\/www.instagram.com\/the_on_estate\/","https:\/\/es.linkedin.com\/company\/the-on-estate"]}]}},"_links":{"self":[{"href":"https:\/\/theonestate.com\/ca\/wp-json\/wp\/v2\/noticia\/6996","targetHints":{"allow":["GET"]}}],"collection":[{"href":"https:\/\/theonestate.com\/ca\/wp-json\/wp\/v2\/noticia"}],"about":[{"href":"https:\/\/theonestate.com\/ca\/wp-json\/wp\/v2\/types\/noticia"}],"author":[{"embeddable":true,"href":"https:\/\/theonestate.com\/ca\/wp-json\/wp\/v2\/users\/1"}],"version-history":[{"count":4,"href":"https:\/\/theonestate.com\/ca\/wp-json\/wp\/v2\/noticia\/6996\/revisions"}],"predecessor-version":[{"id":9231,"href":"https:\/\/theonestate.com\/ca\/wp-json\/wp\/v2\/noticia\/6996\/revisions\/9231"}],"wp:featuredmedia":[{"embeddable":true,"href":"https:\/\/theonestate.com\/ca\/wp-json\/wp\/v2\/media\/7000"}],"wp:attachment":[{"href":"https:\/\/theonestate.com\/ca\/wp-json\/wp\/v2\/media?parent=6996"}],"curies":[{"name":"wp","href":"https:\/\/api.w.org\/{rel}","templated":true}]}}